{"id":311,"date":"2024-06-04T08:00:00","date_gmt":"2024-06-04T11:00:00","guid":{"rendered":"https:\/\/www.elaine.adv.br\/advogada-franca-sp\/?p=311"},"modified":"2024-06-01T15:22:06","modified_gmt":"2024-06-01T18:22:06","slug":"moro-de-aluguel-e-o-proprietario-pediu-o-imovel-tenho-que-sair","status":"publish","type":"post","link":"https:\/\/www.elaine.adv.br\/advogada-franca-sp\/moro-de-aluguel-e-o-proprietario-pediu-o-imovel-tenho-que-sair\/","title":{"rendered":"Moro de Aluguel e o Propriet\u00e1rio Pediu o Im\u00f3vel: Tenho Que Sair?"},"content":{"rendered":"\n<p>Neste artigo irei esclarecer um tema que aflige muitos inquilinos: os direitos de quem aluga um im\u00f3vel quando o propriet\u00e1rio solicita a devolu\u00e7\u00e3o antes do t\u00e9rmino do contrato. Quais s\u00e3o os direitos do inquilino?<\/p>\n\n\n\n<h2 class=\"wp-block-heading\">Direitos do Inquilino<\/h2>\n\n\n\n<p>Se o contrato de aluguel define um prazo espec\u00edfico de perman\u00eancia, o inquilino n\u00e3o precisa sair antes do fim desse prazo, mesmo que o propriet\u00e1rio solicite. Esta regra \u00e9 v\u00e1lida mesmo se o contrato contiver termos que permitam a rescis\u00e3o antecipada mediante pagamento de multa. A lei garante que o inquilino possa permanecer at\u00e9 o t\u00e9rmino do contrato.<\/p>\n\n\n\n<h2 class=\"wp-block-heading\">Exce\u00e7\u00f5es \u00e0 Regra<\/h2>\n\n\n\n<p>Existem algumas exce\u00e7\u00f5es onde o propriet\u00e1rio pode pedir o im\u00f3vel antes do fim do contrato:<\/p>\n\n\n\n<ul class=\"wp-block-list\">\n<li><strong>Conduta do Inquilino<\/strong>: Se o inquilino est\u00e1 com aluguel atrasado, descumprindo regras contratuais, ou usando o im\u00f3vel de forma inadequada, o propriet\u00e1rio pode pedir a devolu\u00e7\u00e3o do im\u00f3vel.<\/li>\n<\/ul>\n\n\n\n<ul class=\"wp-block-list\">\n<li><strong>Reparos Urgentes<\/strong>: Se o im\u00f3vel necessita de reparos urgentes determinados por autoridades p\u00fablicas e estes n\u00e3o podem ser realizados com o inquilino presente, o propriet\u00e1rio pode solicitar a desocupa\u00e7\u00e3o.<\/li>\n\n\n\n<li><strong>Acordo M\u00fatuo<\/strong>: Propriet\u00e1rio e inquilino podem concordar em encerrar o contrato antes do prazo. Isso pode envolver compensa\u00e7\u00f5es como multa contratual ou isen\u00e7\u00e3o de reparos.<\/li>\n<\/ul>\n\n\n\n<h2 class=\"wp-block-heading\">Fique atento com a Renova\u00e7\u00e3o Autom\u00e1tica do Contrato<\/h2>\n\n\n\n<p>Uma situa\u00e7\u00e3o comum \u00e9 o propriet\u00e1rio pedir o im\u00f3vel para uso pr\u00f3prio ou de familiares. Isso s\u00f3 \u00e9 poss\u00edvel se o contrato n\u00e3o for renovado no fim do prazo e o inquilino permanecer no im\u00f3vel por mais de 30 dias, resultando em renova\u00e7\u00e3o autom\u00e1tica do contrato sem data final. Para evitar isso, \u00e9 crucial renovar o contrato antes que ele expire.<\/p>\n\n\n\n<h2 class=\"wp-block-heading\">Dicas para Inquilinos<\/h2>\n\n\n\n<ul class=\"wp-block-list\">\n<li><strong>Renova\u00e7\u00e3o do Contrato<\/strong>: Renove o contrato antes do prazo final para garantir que continue a ter uma data de t\u00e9rmino definida, preservando seus direitos.<\/li>\n\n\n\n<li><strong>Contrato Formal<\/strong>: Sempre tenha um contrato escrito, mesmo que simples, especificando regras, datas e valores.<\/li>\n<\/ul>\n\n\n\n<p>Entender os direitos e deveres do inquilino \u00e9 essencial para evitar problemas. Se voc\u00ea quiser saber mais sobre este tema, assista ao v\u00eddeo <strong><a href=\"https:\/\/youtu.be\/eCfAyFt7vN0\" target=\"_blank\" rel=\"noreferrer noopener nofollow\">clicando aqui<\/a><\/strong>.<\/p>\n\n\n\n<center><figure class=\"wp-block-image aligncenter size-full\"><a rel=\"nofollow noopener\" target=\"_blank\" href=\"https:\/\/youtu.be\/eCfAyFt7vN0\"><img decoding=\"async\" style=\"border-radius: 5px; margin: 20px 0;\" src=\"https:\/\/www.elaine.adv.br\/advogada-franca-sp\/wp-content\/uploads\/2024\/06\/youtube_inquilinos_web.webp\" alt=\"\" class=\"wp-image-239\"\/><\/a><\/figure><\/center>\n\n\n\n<p>Assista no YouTube: <strong><a href=\"https:\/\/youtu.be\/eCfAyFt7vN0\" target=\"_blank\" rel=\"noreferrer noopener nofollow\">Direitos do Inquilino na Entrega Antecipada de Im\u00f3vel<\/a><\/strong><\/p>\n","protected":false},"excerpt":{"rendered":"<p>Neste artigo irei esclarecer um tema que aflige muitos inquilinos: os direitos de quem aluga um im\u00f3vel quando o propriet\u00e1rio solicita a devolu\u00e7\u00e3o antes do t\u00e9rmino do contrato. Quais s\u00e3o os direitos do inquilino? Direitos do Inquilino Se o contrato de aluguel define um prazo espec\u00edfico de perman\u00eancia, o inquilino n\u00e3o precisa sair antes do [&hellip;]<\/p>\n","protected":false},"author":2,"featured_media":313,"comment_status":"open","ping_status":"open","sticky":false,"template":"","format":"standard","meta":{"footnotes":""},"categories":[10],"tags":[],"class_list":["post-311","post","type-post","status-publish","format-standard","has-post-thumbnail","hentry","category-direito-civil"],"_links":{"self":[{"href":"https:\/\/www.elaine.adv.br\/advogada-franca-sp\/wp-json\/wp\/v2\/posts\/311","targetHints":{"allow":["GET"]}}],"collection":[{"href":"https:\/\/www.elaine.adv.br\/advogada-franca-sp\/wp-json\/wp\/v2\/posts"}],"about":[{"href":"https:\/\/www.elaine.adv.br\/advogada-franca-sp\/wp-json\/wp\/v2\/types\/post"}],"author":[{"embeddable":true,"href":"https:\/\/www.elaine.adv.br\/advogada-franca-sp\/wp-json\/wp\/v2\/users\/2"}],"replies":[{"embeddable":true,"href":"https:\/\/www.elaine.adv.br\/advogada-franca-sp\/wp-json\/wp\/v2\/comments?post=311"}],"version-history":[{"count":1,"href":"https:\/\/www.elaine.adv.br\/advogada-franca-sp\/wp-json\/wp\/v2\/posts\/311\/revisions"}],"predecessor-version":[{"id":314,"href":"https:\/\/www.elaine.adv.br\/advogada-franca-sp\/wp-json\/wp\/v2\/posts\/311\/revisions\/314"}],"wp:featuredmedia":[{"embeddable":true,"href":"https:\/\/www.elaine.adv.br\/advogada-franca-sp\/wp-json\/wp\/v2\/media\/313"}],"wp:attachment":[{"href":"https:\/\/www.elaine.adv.br\/advogada-franca-sp\/wp-json\/wp\/v2\/media?parent=311"}],"wp:term":[{"taxonomy":"category","embeddable":true,"href":"https:\/\/www.elaine.adv.br\/advogada-franca-sp\/wp-json\/wp\/v2\/categories?post=311"},{"taxonomy":"post_tag","embeddable":true,"href":"https:\/\/www.elaine.adv.br\/advogada-franca-sp\/wp-json\/wp\/v2\/tags?post=311"}],"curies":[{"name":"wp","href":"https:\/\/api.w.org\/{rel}","templated":true}]}}